{"id":1062,"date":"2024-01-04T10:08:42","date_gmt":"2024-01-04T10:08:42","guid":{"rendered":"https:\/\/claudiafagiani.com\/?p=1062"},"modified":"2024-01-04T10:09:42","modified_gmt":"2024-01-04T10:09:42","slug":"lunghezza-focale","status":"publish","type":"post","link":"https:\/\/claudiafagiani.com\/?p=1062","title":{"rendered":"Lunghezza focale"},"content":{"rendered":"\n<h3 class=\"wp-block-heading\"><strong>Lunghezza Focale in Fotografia<\/strong><\/h3>\n\n\n\n<p>La lunghezza focale in fotografia \u00e8 un concetto chiave che definisce <em>la distanza tra il centro ottico dell&#8217;obiettivo e il piano di focalizzazione<\/em>, come il sensore o la pellicola. Questo parametro, espresso in millimetri, caratterizza ogni obiettivo e fornisce informazioni cruciali per ottenere gli scatti desiderati.<\/p>\n\n\n\n<h2 class=\"wp-block-heading\">Categorie di Lunghezza Focale<\/h2>\n\n\n\n<p>Gli obiettivi fotografici si dividono in due categorie principali: quelli a lunghezza focale fissa e quelli a focale variabile, noti come zoom. Inoltre, possiamo classificarli in tre categorie principali in base alla lunghezza focale:<\/p>\n\n\n\n<ol class=\"wp-block-list\">\n<li><strong>Grandangolari:<\/strong> Questi obiettivi, con lunghezze focali tra gli 8 mm e i 32 mm, sono ideali per catturare scene estese come paesaggi e architetture grazie al loro ampio angolo di campo.<\/li>\n\n\n\n<li><strong>Normali:<\/strong> Le lunghezze focali normali, comprese tra i 32 mm e i 70 mm, sono versatili e adatte a molteplici situazioni fotografiche, offrendo una rappresentazione visiva simile a quella dell&#8217;occhio umano.<\/li>\n\n\n\n<li><strong>Teleobiettivi e Superteleobiettivi:<\/strong> Queste ottiche, con lunghezze focali superiori ai 70 mm, sono ideali per avvicinarsi a soggetti distanti come animali selvatici o eventi sportivi, soprattutto su macchine fotografiche &#8220;full frame&#8221;.<\/li>\n<\/ol>\n\n\n<div class=\"wp-block-image\">\n<figure class=\"aligncenter size-large is-resized\"><img fetchpriority=\"high\" decoding=\"async\" width=\"1024\" height=\"678\" src=\"https:\/\/claudiafagiani.com\/wp-content\/uploads\/2024\/01\/lunghezza-focale-1024x678.jpg\" alt=\"\" class=\"wp-image-1063\" style=\"width:459px;height:auto\" srcset=\"https:\/\/claudiafagiani.com\/wp-content\/uploads\/2024\/01\/lunghezza-focale-1024x678.jpg 1024w, https:\/\/claudiafagiani.com\/wp-content\/uploads\/2024\/01\/lunghezza-focale-300x199.jpg 300w, https:\/\/claudiafagiani.com\/wp-content\/uploads\/2024\/01\/lunghezza-focale-768x509.jpg 768w, https:\/\/claudiafagiani.com\/wp-content\/uploads\/2024\/01\/lunghezza-focale-1536x1017.jpg 1536w, https:\/\/claudiafagiani.com\/wp-content\/uploads\/2024\/01\/lunghezza-focale-2048x1356.jpg 2048w, https:\/\/claudiafagiani.com\/wp-content\/uploads\/2024\/01\/lunghezza-focale-91x60.jpg 91w\" sizes=\"(max-width: 1024px) 100vw, 1024px\" \/><\/figure><\/div>\n\n\n<h3 class=\"wp-block-heading\">Full Frame e Angolo di Campo<\/h3>\n\n\n\n<p>Parlando di lunghezza focale, \u00e8 importante comprendere il concetto di formato &#8220;full frame&#8221;. Una macchina fotografica full frame utilizza un sensore di dimensioni equivalenti a un fotogramma di pellicola tradizionale, offrendo una qualit\u00e0 d&#8217;immagine superiore e un controllo pi\u00f9 preciso della profondit\u00e0 di campo. Questo formato impatta direttamente sull&#8217;angolo di campo, ovvero la porzione di scena catturata dalla fotocamera.<\/p>\n\n\n\n<h3 class=\"wp-block-heading\">Angolo di Campo: Maggiore Comprensione<\/h3>\n\n\n\n<p>L&#8217;angolo di campo rappresenta quanto della scena viene catturato dalla fotocamera. Minore \u00e8 la lunghezza focale, maggiore sar\u00e0 l&#8217;angolo di campo. Gli obiettivi grandangolari, con lunghezze focali pi\u00f9 corte, sono ideali per catturare ampie vedute, come panorami e scene spaziose. Al contrario, maggiore \u00e8 la lunghezza focale, minore sar\u00e0 l&#8217;angolo di campo. Questo rende gli obiettivi teleobiettivi perfetti per isolare soggetti distanti, riducendo la porzione di scena catturata e concentrando l&#8217;attenzione sul soggetto principale.<\/p>\n\n\n\n<h3 class=\"wp-block-heading\">Esplorando il Full Frame<\/h3>\n\n\n\n<p>Nel prossimo articolo, approfondiremo il mondo del formato full frame, esaminando i vantaggi e le considerazioni quando si utilizzano macchine fotografiche di questo tipo. Tralasciando il crop factor, ci concentreremo su come il formato full frame pu\u00f2 influire sulla tua esperienza fotografica.<\/p>\n\n\n\n<h3 class=\"wp-block-heading\">Conclusione<\/h3>\n\n\n\n<p>La lunghezza focale \u00e8 un aspetto cruciale per ottenere immagini straordinarie. Comprendere il rapporto tra lunghezza focale, formato full frame e angolo di campo \u00e8 fondamentale per sfruttare appieno le potenzialit\u00e0 della tua attrezzatura fotografica.<\/p>\n\n\n\n<p>Se desideri approfondire ulteriormente questi concetti, non perdere il prossimo articolo, se vuoi maggiori informazioni sui miei servizi ti lascio qui il link dei <a href=\"https:\/\/claudiafagiani.com\/?page_id=811\">contatti<\/a>.<\/p>\n\n\n\n<p><\/p>\n\n\n\n<p>Se hai trovato interessante questo articolo, condividilo e lasciaci un commento. Il tuo feedback \u00e8 di grande valore per me\u2b50<\/p>\n\n\n\n<p>Seguimi su\u00a0<a href=\"https:\/\/www.instagram.com\/claudiafagianiph\/\">instagram<\/a>\u00a0per scoprire i miei scatti, ti aspetto!<\/p>\n","protected":false},"excerpt":{"rendered":"<p>Lunghezza Focale in Fotografia La lunghezza focale in fotografia \u00e8 un concetto chiave che definisce la distanza tra il centro ottico dell&#8217;obiettivo e il piano di focalizzazione, come il sensore o la pellicola. Questo parametro, espresso in millimetri, caratterizza ogni obiettivo e fornisce informazioni cruciali per ottenere gli scatti desiderati. Categorie di Lunghezza Focale Gli &hellip; <\/p>\n","protected":false},"author":1,"featured_media":1063,"comment_status":"open","ping_status":"closed","sticky":false,"template":"","format":"standard","meta":{"footnotes":""},"categories":[9],"tags":[11,10,12],"class_list":["post-1062","post","type-post","status-publish","format-standard","has-post-thumbnail","hentry","category-fotografia","tag-fotografia","tag-lunghezza-focale","tag-teoria-fotografica"],"yoast_head":"<!-- This site is optimized with the Yoast SEO plugin v26.8 - https:\/\/yoast.com\/product\/yoast-seo-wordpress\/ -->\n<title>Lunghezza focale - Claudia Fagiani<\/title>\n<meta name=\"description\" content=\"Guida alla lunghezza focale in fotografia: categorie, angolo di campo e impatto del full frame. Leggi di pi\u00f9..\" \/>\n<meta name=\"robots\" content=\"index, follow, max-snippet:-1, max-image-preview:large, max-video-preview:-1\" \/>\n<link rel=\"canonical\" href=\"https:\/\/claudiafagiani.com\/?p=1062\" \/>\n<meta property=\"og:locale\" content=\"it_IT\" \/>\n<meta property=\"og:type\" content=\"article\" \/>\n<meta property=\"og:title\" content=\"Lunghezza focale - Claudia Fagiani\" \/>\n<meta property=\"og:description\" content=\"Guida alla lunghezza focale in fotografia: categorie, angolo di campo e impatto del full frame. Leggi di pi\u00f9..\" \/>\n<meta property=\"og:url\" content=\"https:\/\/claudiafagiani.com\/?p=1062\" \/>\n<meta property=\"og:site_name\" content=\"Claudia Fagiani\" \/>\n<meta property=\"article:published_time\" content=\"2024-01-04T10:08:42+00:00\" \/>\n<meta property=\"article:modified_time\" content=\"2024-01-04T10:09:42+00:00\" \/>\n<meta property=\"og:image\" content=\"https:\/\/claudiafagiani.com\/wp-content\/uploads\/2024\/01\/lunghezza-focale-scaled.jpg\" \/>\n\t<meta property=\"og:image:width\" content=\"2560\" \/>\n\t<meta property=\"og:image:height\" content=\"1696\" \/>\n\t<meta property=\"og:image:type\" content=\"image\/jpeg\" \/>\n<meta name=\"author\" content=\"admin\" \/>\n<meta name=\"twitter:card\" content=\"summary_large_image\" \/>\n<meta name=\"twitter:label1\" content=\"Scritto da\" \/>\n\t<meta name=\"twitter:data1\" content=\"admin\" \/>\n\t<meta name=\"twitter:label2\" content=\"Tempo di lettura stimato\" \/>\n\t<meta name=\"twitter:data2\" content=\"3 minuti\" \/>\n<script type=\"application\/ld+json\" class=\"yoast-schema-graph\">{\"@context\":\"https:\/\/schema.org\",\"@graph\":[{\"@type\":\"Article\",\"@id\":\"https:\/\/claudiafagiani.com\/?p=1062#article\",\"isPartOf\":{\"@id\":\"https:\/\/claudiafagiani.com\/?p=1062\"},\"author\":{\"name\":\"admin\",\"@id\":\"https:\/\/claudiafagiani.com\/#\/schema\/person\/dd33f3e817c5d9ec6ed8f8c3f52862ad\"},\"headline\":\"Lunghezza focale\",\"datePublished\":\"2024-01-04T10:08:42+00:00\",\"dateModified\":\"2024-01-04T10:09:42+00:00\",\"mainEntityOfPage\":{\"@id\":\"https:\/\/claudiafagiani.com\/?p=1062\"},\"wordCount\":460,\"commentCount\":0,\"publisher\":{\"@id\":\"https:\/\/claudiafagiani.com\/#\/schema\/person\/dd33f3e817c5d9ec6ed8f8c3f52862ad\"},\"image\":{\"@id\":\"https:\/\/claudiafagiani.com\/?p=1062#primaryimage\"},\"thumbnailUrl\":\"https:\/\/claudiafagiani.com\/wp-content\/uploads\/2024\/01\/lunghezza-focale-scaled.jpg\",\"keywords\":[\"fotografia\",\"lunghezza focale\",\"teoria fotografica\"],\"articleSection\":[\"Fotografia\"],\"inLanguage\":\"it-IT\",\"potentialAction\":[{\"@type\":\"CommentAction\",\"name\":\"Comment\",\"target\":[\"https:\/\/claudiafagiani.com\/?p=1062#respond\"]}]},{\"@type\":\"WebPage\",\"@id\":\"https:\/\/claudiafagiani.com\/?p=1062\",\"url\":\"https:\/\/claudiafagiani.com\/?p=1062\",\"name\":\"Lunghezza focale - Claudia Fagiani\",\"isPartOf\":{\"@id\":\"https:\/\/claudiafagiani.com\/#website\"},\"primaryImageOfPage\":{\"@id\":\"https:\/\/claudiafagiani.com\/?p=1062#primaryimage\"},\"image\":{\"@id\":\"https:\/\/claudiafagiani.com\/?p=1062#primaryimage\"},\"thumbnailUrl\":\"https:\/\/claudiafagiani.com\/wp-content\/uploads\/2024\/01\/lunghezza-focale-scaled.jpg\",\"datePublished\":\"2024-01-04T10:08:42+00:00\",\"dateModified\":\"2024-01-04T10:09:42+00:00\",\"description\":\"Guida alla lunghezza focale in fotografia: categorie, angolo di campo e impatto del full frame. Leggi di pi\u00f9..\",\"breadcrumb\":{\"@id\":\"https:\/\/claudiafagiani.com\/?p=1062#breadcrumb\"},\"inLanguage\":\"it-IT\",\"potentialAction\":[{\"@type\":\"ReadAction\",\"target\":[\"https:\/\/claudiafagiani.com\/?p=1062\"]}]},{\"@type\":\"ImageObject\",\"inLanguage\":\"it-IT\",\"@id\":\"https:\/\/claudiafagiani.com\/?p=1062#primaryimage\",\"url\":\"https:\/\/claudiafagiani.com\/wp-content\/uploads\/2024\/01\/lunghezza-focale-scaled.jpg\",\"contentUrl\":\"https:\/\/claudiafagiani.com\/wp-content\/uploads\/2024\/01\/lunghezza-focale-scaled.jpg\",\"width\":2560,\"height\":1696},{\"@type\":\"BreadcrumbList\",\"@id\":\"https:\/\/claudiafagiani.com\/?p=1062#breadcrumb\",\"itemListElement\":[{\"@type\":\"ListItem\",\"position\":1,\"name\":\"Home\",\"item\":\"https:\/\/claudiafagiani.com\/\"},{\"@type\":\"ListItem\",\"position\":2,\"name\":\"Lunghezza focale\"}]},{\"@type\":\"WebSite\",\"@id\":\"https:\/\/claudiafagiani.com\/#website\",\"url\":\"https:\/\/claudiafagiani.com\/\",\"name\":\"Claudia Fagiani\",\"description\":\"FOTOGRAFIA &amp; BRAND IDENTITY\",\"publisher\":{\"@id\":\"https:\/\/claudiafagiani.com\/#\/schema\/person\/dd33f3e817c5d9ec6ed8f8c3f52862ad\"},\"potentialAction\":[{\"@type\":\"SearchAction\",\"target\":{\"@type\":\"EntryPoint\",\"urlTemplate\":\"https:\/\/claudiafagiani.com\/?s={search_term_string}\"},\"query-input\":{\"@type\":\"PropertyValueSpecification\",\"valueRequired\":true,\"valueName\":\"search_term_string\"}}],\"inLanguage\":\"it-IT\"},{\"@type\":[\"Person\",\"Organization\"],\"@id\":\"https:\/\/claudiafagiani.com\/#\/schema\/person\/dd33f3e817c5d9ec6ed8f8c3f52862ad\",\"name\":\"admin\",\"image\":{\"@type\":\"ImageObject\",\"inLanguage\":\"it-IT\",\"@id\":\"https:\/\/claudiafagiani.com\/#\/schema\/person\/image\/\",\"url\":\"https:\/\/claudiafagiani.com\/wp-content\/uploads\/2022\/07\/cropped-cropped-Handwritten-Elegant-Photography-Logo-1.png\",\"contentUrl\":\"https:\/\/claudiafagiani.com\/wp-content\/uploads\/2022\/07\/cropped-cropped-Handwritten-Elegant-Photography-Logo-1.png\",\"width\":512,\"height\":228,\"caption\":\"admin\"},\"logo\":{\"@id\":\"https:\/\/claudiafagiani.com\/#\/schema\/person\/image\/\"},\"url\":\"https:\/\/claudiafagiani.com\/?author=1\"}]}<\/script>\n<!-- \/ Yoast SEO plugin. -->","yoast_head_json":{"title":"Lunghezza focale - Claudia Fagiani","description":"Guida alla lunghezza focale in fotografia: categorie, angolo di campo e impatto del full frame. Leggi di pi\u00f9..","robots":{"index":"index","follow":"follow","max-snippet":"max-snippet:-1","max-image-preview":"max-image-preview:large","max-video-preview":"max-video-preview:-1"},"canonical":"https:\/\/claudiafagiani.com\/?p=1062","og_locale":"it_IT","og_type":"article","og_title":"Lunghezza focale - Claudia Fagiani","og_description":"Guida alla lunghezza focale in fotografia: categorie, angolo di campo e impatto del full frame. Leggi di pi\u00f9..","og_url":"https:\/\/claudiafagiani.com\/?p=1062","og_site_name":"Claudia Fagiani","article_published_time":"2024-01-04T10:08:42+00:00","article_modified_time":"2024-01-04T10:09:42+00:00","og_image":[{"width":2560,"height":1696,"url":"https:\/\/claudiafagiani.com\/wp-content\/uploads\/2024\/01\/lunghezza-focale-scaled.jpg","type":"image\/jpeg"}],"author":"admin","twitter_card":"summary_large_image","twitter_misc":{"Scritto da":"admin","Tempo di lettura stimato":"3 minuti"},"schema":{"@context":"https:\/\/schema.org","@graph":[{"@type":"Article","@id":"https:\/\/claudiafagiani.com\/?p=1062#article","isPartOf":{"@id":"https:\/\/claudiafagiani.com\/?p=1062"},"author":{"name":"admin","@id":"https:\/\/claudiafagiani.com\/#\/schema\/person\/dd33f3e817c5d9ec6ed8f8c3f52862ad"},"headline":"Lunghezza focale","datePublished":"2024-01-04T10:08:42+00:00","dateModified":"2024-01-04T10:09:42+00:00","mainEntityOfPage":{"@id":"https:\/\/claudiafagiani.com\/?p=1062"},"wordCount":460,"commentCount":0,"publisher":{"@id":"https:\/\/claudiafagiani.com\/#\/schema\/person\/dd33f3e817c5d9ec6ed8f8c3f52862ad"},"image":{"@id":"https:\/\/claudiafagiani.com\/?p=1062#primaryimage"},"thumbnailUrl":"https:\/\/claudiafagiani.com\/wp-content\/uploads\/2024\/01\/lunghezza-focale-scaled.jpg","keywords":["fotografia","lunghezza focale","teoria fotografica"],"articleSection":["Fotografia"],"inLanguage":"it-IT","potentialAction":[{"@type":"CommentAction","name":"Comment","target":["https:\/\/claudiafagiani.com\/?p=1062#respond"]}]},{"@type":"WebPage","@id":"https:\/\/claudiafagiani.com\/?p=1062","url":"https:\/\/claudiafagiani.com\/?p=1062","name":"Lunghezza focale - Claudia Fagiani","isPartOf":{"@id":"https:\/\/claudiafagiani.com\/#website"},"primaryImageOfPage":{"@id":"https:\/\/claudiafagiani.com\/?p=1062#primaryimage"},"image":{"@id":"https:\/\/claudiafagiani.com\/?p=1062#primaryimage"},"thumbnailUrl":"https:\/\/claudiafagiani.com\/wp-content\/uploads\/2024\/01\/lunghezza-focale-scaled.jpg","datePublished":"2024-01-04T10:08:42+00:00","dateModified":"2024-01-04T10:09:42+00:00","description":"Guida alla lunghezza focale in fotografia: categorie, angolo di campo e impatto del full frame. Leggi di pi\u00f9..","breadcrumb":{"@id":"https:\/\/claudiafagiani.com\/?p=1062#breadcrumb"},"inLanguage":"it-IT","potentialAction":[{"@type":"ReadAction","target":["https:\/\/claudiafagiani.com\/?p=1062"]}]},{"@type":"ImageObject","inLanguage":"it-IT","@id":"https:\/\/claudiafagiani.com\/?p=1062#primaryimage","url":"https:\/\/claudiafagiani.com\/wp-content\/uploads\/2024\/01\/lunghezza-focale-scaled.jpg","contentUrl":"https:\/\/claudiafagiani.com\/wp-content\/uploads\/2024\/01\/lunghezza-focale-scaled.jpg","width":2560,"height":1696},{"@type":"BreadcrumbList","@id":"https:\/\/claudiafagiani.com\/?p=1062#breadcrumb","itemListElement":[{"@type":"ListItem","position":1,"name":"Home","item":"https:\/\/claudiafagiani.com\/"},{"@type":"ListItem","position":2,"name":"Lunghezza focale"}]},{"@type":"WebSite","@id":"https:\/\/claudiafagiani.com\/#website","url":"https:\/\/claudiafagiani.com\/","name":"Claudia Fagiani","description":"FOTOGRAFIA &amp; BRAND IDENTITY","publisher":{"@id":"https:\/\/claudiafagiani.com\/#\/schema\/person\/dd33f3e817c5d9ec6ed8f8c3f52862ad"},"potentialAction":[{"@type":"SearchAction","target":{"@type":"EntryPoint","urlTemplate":"https:\/\/claudiafagiani.com\/?s={search_term_string}"},"query-input":{"@type":"PropertyValueSpecification","valueRequired":true,"valueName":"search_term_string"}}],"inLanguage":"it-IT"},{"@type":["Person","Organization"],"@id":"https:\/\/claudiafagiani.com\/#\/schema\/person\/dd33f3e817c5d9ec6ed8f8c3f52862ad","name":"admin","image":{"@type":"ImageObject","inLanguage":"it-IT","@id":"https:\/\/claudiafagiani.com\/#\/schema\/person\/image\/","url":"https:\/\/claudiafagiani.com\/wp-content\/uploads\/2022\/07\/cropped-cropped-Handwritten-Elegant-Photography-Logo-1.png","contentUrl":"https:\/\/claudiafagiani.com\/wp-content\/uploads\/2022\/07\/cropped-cropped-Handwritten-Elegant-Photography-Logo-1.png","width":512,"height":228,"caption":"admin"},"logo":{"@id":"https:\/\/claudiafagiani.com\/#\/schema\/person\/image\/"},"url":"https:\/\/claudiafagiani.com\/?author=1"}]}},"_links":{"self":[{"href":"https:\/\/claudiafagiani.com\/index.php?rest_route=\/wp\/v2\/posts\/1062","targetHints":{"allow":["GET"]}}],"collection":[{"href":"https:\/\/claudiafagiani.com\/index.php?rest_route=\/wp\/v2\/posts"}],"about":[{"href":"https:\/\/claudiafagiani.com\/index.php?rest_route=\/wp\/v2\/types\/post"}],"author":[{"embeddable":true,"href":"https:\/\/claudiafagiani.com\/index.php?rest_route=\/wp\/v2\/users\/1"}],"replies":[{"embeddable":true,"href":"https:\/\/claudiafagiani.com\/index.php?rest_route=%2Fwp%2Fv2%2Fcomments&post=1062"}],"version-history":[{"count":1,"href":"https:\/\/claudiafagiani.com\/index.php?rest_route=\/wp\/v2\/posts\/1062\/revisions"}],"predecessor-version":[{"id":1064,"href":"https:\/\/claudiafagiani.com\/index.php?rest_route=\/wp\/v2\/posts\/1062\/revisions\/1064"}],"wp:featuredmedia":[{"embeddable":true,"href":"https:\/\/claudiafagiani.com\/index.php?rest_route=\/wp\/v2\/media\/1063"}],"wp:attachment":[{"href":"https:\/\/claudiafagiani.com\/index.php?rest_route=%2Fwp%2Fv2%2Fmedia&parent=1062"}],"wp:term":[{"taxonomy":"category","embeddable":true,"href":"https:\/\/claudiafagiani.com\/index.php?rest_route=%2Fwp%2Fv2%2Fcategories&post=1062"},{"taxonomy":"post_tag","embeddable":true,"href":"https:\/\/claudiafagiani.com\/index.php?rest_route=%2Fwp%2Fv2%2Ftags&post=1062"}],"curies":[{"name":"wp","href":"https:\/\/api.w.org\/{rel}","templated":true}]}}